{"id":4309,"date":"2026-02-16T20:00:00","date_gmt":"2026-02-16T19:00:00","guid":{"rendered":"https:\/\/www.lhappyjazz.com\/?p=4309"},"modified":"2026-01-28T18:39:41","modified_gmt":"2026-01-28T17:39:41","slug":"concert-formule-bop-invite-marc-thomas-2-2-3-2-2-2-3-2-2-2-3-2-2-2-copy-copy-3-copy-copy-copy-copy-copy-copy-2-copy-copy-2-copy-copy-copy-copy-copy-copy-copy-copy-2-copy-2-copy-copy-2-copy-copy-2-c-47","status":"publish","type":"post","link":"https:\/\/www.lhappyjazz.com\/?p=4309","title":{"rendered":"Concert : de St\u00e9phane \u00e0 Didier &#8230;"},"content":{"rendered":"\n<p><strong><span style=\"color: #ffffff;\">Lundi 16&nbsp; f\u00e9vrier 2026&nbsp; &#8211; 20h00<\/span><br data-rich-text-line-break=\"true\"><\/strong><a href=\"https:\/\/www.lhappyjazz.com\/?page_id=20\">VILLA MEDICIS (Lundis Musicaux)<\/a><\/p>\n\n\n\n<div class=\"wp-block-group is-nowrap is-layout-flex wp-container-core-group-is-layout-ad2f72ca wp-block-group-is-layout-flex\"><\/div>\n\n\n\n<div class=\"wp-block-media-text has-media-on-the-right is-stacked-on-mobile is-vertically-aligned-top\" style=\"grid-template-columns:auto 44%\"><div class=\"wp-block-media-text__content\">\n<p>Le compositeur et violoniste de jazz <strong><mark style=\"background-color:rgba(0, 0, 0, 0)\" class=\"has-inline-color has-white-color\">Didier Riey<\/mark><\/strong> sera l\u2019invit\u00e9 des <strong><mark style=\"background-color:rgba(0, 0, 0, 0)\" class=\"has-inline-color has-white-color\">Lundis Musicaux<\/mark><\/strong> de la <strong><mark style=\"background-color:rgba(0, 0, 0, 0)\" class=\"has-inline-color has-white-color\">Villa M\u00e9dicis<\/mark><\/strong> qui nous accueille chaque ann\u00e9e.<br>Il rendra un double hommage \u00e0 <strong><mark style=\"background-color:rgba(0, 0, 0, 0)\" class=\"has-inline-color has-white-color\">St\u00e9phane Grappelli<\/mark><\/strong> et <strong><mark style=\"background-color:rgba(0, 0, 0, 0)\" class=\"has-inline-color has-white-color\">Didier Lockwood<\/mark><\/strong>, deux grandes figures du violon jazz avec qui il eut la chance de jouer : ce nouvel opus intitul\u00e9 \u00ab <strong><mark style=\"background-color:rgba(0, 0, 0, 0)\" class=\"has-inline-color has-white-color\">De St\u00e9phane \u00e0 Didier<\/mark><\/strong> \u00bb vous fera voyager dans la m\u00e9moire de ces deux grands violonistes.<br><\/p>\n<\/div><figure class=\"wp-block-media-text__media\"><img loading=\"lazy\" decoding=\"async\" width=\"1024\" height=\"1024\" src=\"https:\/\/www.lhappyjazz.com\/wp-content\/uploads\/2026\/02\/Didier-Riey-2024-\u00a9-Bruno-Grue-1024x1024.jpg\" alt=\"\" class=\"wp-image-4318 size-full\" srcset=\"https:\/\/www.lhappyjazz.com\/wp-content\/uploads\/2026\/02\/Didier-Riey-2024-\u00a9-Bruno-Grue-1024x1024.jpg 1024w, https:\/\/www.lhappyjazz.com\/wp-content\/uploads\/2026\/02\/Didier-Riey-2024-\u00a9-Bruno-Grue-300x300.jpg 300w, https:\/\/www.lhappyjazz.com\/wp-content\/uploads\/2026\/02\/Didier-Riey-2024-\u00a9-Bruno-Grue-150x150.jpg 150w, https:\/\/www.lhappyjazz.com\/wp-content\/uploads\/2026\/02\/Didier-Riey-2024-\u00a9-Bruno-Grue-768x768.jpg 768w, https:\/\/www.lhappyjazz.com\/wp-content\/uploads\/2026\/02\/Didier-Riey-2024-\u00a9-Bruno-Grue-1536x1536.jpg 1536w, https:\/\/www.lhappyjazz.com\/wp-content\/uploads\/2026\/02\/Didier-Riey-2024-\u00a9-Bruno-Grue-2048x2048.jpg 2048w\" sizes=\"auto, (max-width: 1024px) 100vw, 1024px\" \/><\/figure><\/div>\n\n\n\n<p>Didier fut directeur artistique du festival <strong><mark style=\"background-color:rgba(0, 0, 0, 0)\" class=\"has-inline-color has-white-color\">Jazz en Boucle<\/mark><\/strong> \u00e0 Saint-Maur pendant 10 ans,bien connu des Saint-Mauriens.<br>Sa carri\u00e8re de compositeur est marqu\u00e9e par de nombreuses cr\u00e9ations musicales pour la t\u00e9l\u00e9vision (habillages d\u2019antenne de la cha\u00eene europ\u00e9enne d\u2019infos Euronews, m\u00e9t\u00e9o France 2, s\u00e9ries d\u2019animation France 3: Martin matin, C\u00e9dric\u2026). En 2022, Didier cr\u00e9e \u00e0 Saint-Maur <strong><mark style=\"background-color:rgba(0, 0, 0, 0)\" class=\"has-inline-color has-white-color\">Le Studio du Parc<\/mark><\/strong>, une entreprise familiale centr\u00e9e sur l\u2019enregistrement et la cr\u00e9ation musicale.<\/p>\n\n\n\n<p>Didier Riey: violon<br>Sylvestre Planchais: guitare<br>Fran\u00e7ois Masse: contrebasse<br>Pascal Basile: batterie<\/p>\n\n\n\n<p>Entr\u00e9e : 10\u20ac, tarif unique<br><a href=\"https:\/\/mac-saint-maur.mapado.com\/event\/661375-lundi-musical-didier-riey-jazz-manouche\">R\u00e9servation<\/a><\/p>\n\n\n\n<figure class=\"wp-block-image size-full is-resized\"><a href=\"https:\/\/www.lhappyjazz.com\/wp-content\/uploads\/2022\/08\/logo-saint-maur.jpg\"><img loading=\"lazy\" decoding=\"async\" width=\"768\" height=\"396\" src=\"https:\/\/www.lhappyjazz.com\/wp-content\/uploads\/2022\/08\/logo-saint-maur.jpg\" alt=\"\" class=\"wp-image-3342\" style=\"width:128px;height:auto\" srcset=\"https:\/\/www.lhappyjazz.com\/wp-content\/uploads\/2022\/08\/logo-saint-maur.jpg 768w, https:\/\/www.lhappyjazz.com\/wp-content\/uploads\/2022\/08\/logo-saint-maur-300x155.jpg 300w, https:\/\/www.lhappyjazz.com\/wp-content\/uploads\/2022\/08\/logo-saint-maur-500x258.jpg 500w\" sizes=\"auto, (max-width: 768px) 100vw, 768px\" \/><\/a><\/figure>\n\n\n\n<p><\/p>\n\n\n\n<p><\/p>\n","protected":false},"excerpt":{"rendered":"<p>Lundi 16&nbsp; f\u00e9vrier 2026&nbsp; &#8211; 20h00VILLA MEDICIS (Lundis Musicaux) Le compositeur et violoniste de jazz Didier Riey sera l\u2019invit\u00e9 des Lundis Musicaux de la Villa M\u00e9dicis qui nous accueille chaque ann\u00e9e.Il rendra un double hommage \u00e0 St\u00e9phane Grappelli et Didier &hellip; <a href=\"https:\/\/www.lhappyjazz.com\/?p=4309\">Continuer la lecture <span class=\"meta-nav\">&rarr;<\/span><\/a><\/p>\n","protected":false},"author":2,"featured_media":0,"comment_status":"closed","ping_status":"closed","sticky":false,"template":"","format":"standard","meta":{"footnotes":""},"categories":[1],"tags":[],"class_list":["post-4309","post","type-post","status-publish","format-standard","hentry","category-non-classe"],"jetpack_featured_media_url":"","_links":{"self":[{"href":"https:\/\/www.lhappyjazz.com\/index.php?rest_route=\/wp\/v2\/posts\/4309","targetHints":{"allow":["GET"]}}],"collection":[{"href":"https:\/\/www.lhappyjazz.com\/index.php?rest_route=\/wp\/v2\/posts"}],"about":[{"href":"https:\/\/www.lhappyjazz.com\/index.php?rest_route=\/wp\/v2\/types\/post"}],"author":[{"embeddable":true,"href":"https:\/\/www.lhappyjazz.com\/index.php?rest_route=\/wp\/v2\/users\/2"}],"replies":[{"embeddable":true,"href":"https:\/\/www.lhappyjazz.com\/index.php?rest_route=%2Fwp%2Fv2%2Fcomments&post=4309"}],"version-history":[{"count":10,"href":"https:\/\/www.lhappyjazz.com\/index.php?rest_route=\/wp\/v2\/posts\/4309\/revisions"}],"predecessor-version":[{"id":4331,"href":"https:\/\/www.lhappyjazz.com\/index.php?rest_route=\/wp\/v2\/posts\/4309\/revisions\/4331"}],"wp:attachment":[{"href":"https:\/\/www.lhappyjazz.com\/index.php?rest_route=%2Fwp%2Fv2%2Fmedia&parent=4309"}],"wp:term":[{"taxonomy":"category","embeddable":true,"href":"https:\/\/www.lhappyjazz.com\/index.php?rest_route=%2Fwp%2Fv2%2Fcategories&post=4309"},{"taxonomy":"post_tag","embeddable":true,"href":"https:\/\/www.lhappyjazz.com\/index.php?rest_route=%2Fwp%2Fv2%2Ftags&post=4309"}],"curies":[{"name":"wp","href":"https:\/\/api.w.org\/{rel}","templated":true}]}}