{"id":3560,"date":"2023-09-18T22:00:00","date_gmt":"2023-09-18T21:00:00","guid":{"rendered":"https:\/\/www.lhappyjazz.com\/?p=3560"},"modified":"2023-09-17T20:02:23","modified_gmt":"2023-09-17T19:02:23","slug":"concert-formule-bop-invite-marc-thomas-2-2-3-2-2-2-3-2-2-2-3-2-2-2-copy-copy-3-copy-copy-copy-copy-copy-copy-2-copy-copy-2-copy-copy-copy-copy-copy-copy-copy-copy-2-copy-2-copy-copy-2-copy-copy-2-c-18","status":"publish","type":"post","link":"https:\/\/www.lhappyjazz.com\/?p=3560","title":{"rendered":"Concert : Thomas Gomez \/ Cl\u00e9ment Trimouille Trio"},"content":{"rendered":"<p><strong><span style=\"color: #ffffff;\">Lundi 18 septembre 2023 &#8211; 20h00<\/span><br data-rich-text-line-break=\"true\" \/><\/strong><a href=\"https:\/\/www.lhappyjazz.com\/?page_id=20\">VILLA MEDICIS (Lundis Musicaux)<\/a><\/p>\n<p><a href=\"https:\/\/www.lhappyjazz.com\/wp-content\/uploads\/2023\/09\/thomas-gomez-et-clement-trimouille-quartet-lg.jpg\"><img loading=\"lazy\" decoding=\"async\" class=\"alignright wp-image-3564 size-medium\" src=\"https:\/\/www.lhappyjazz.com\/wp-content\/uploads\/2023\/09\/thomas-gomez-et-clement-trimouille-quartet-lg-300x188.jpg\" alt=\"\" width=\"300\" height=\"188\" srcset=\"https:\/\/www.lhappyjazz.com\/wp-content\/uploads\/2023\/09\/thomas-gomez-et-clement-trimouille-quartet-lg-300x188.jpg 300w, https:\/\/www.lhappyjazz.com\/wp-content\/uploads\/2023\/09\/thomas-gomez-et-clement-trimouille-quartet-lg-1024x640.jpg 1024w, https:\/\/www.lhappyjazz.com\/wp-content\/uploads\/2023\/09\/thomas-gomez-et-clement-trimouille-quartet-lg-768x480.jpg 768w, https:\/\/www.lhappyjazz.com\/wp-content\/uploads\/2023\/09\/thomas-gomez-et-clement-trimouille-quartet-lg-480x300.jpg 480w, https:\/\/www.lhappyjazz.com\/wp-content\/uploads\/2023\/09\/thomas-gomez-et-clement-trimouille-quartet-lg.jpg 1280w\" sizes=\"auto, (max-width: 300px) 100vw, 300px\" \/><\/a><\/p>\n<p>Une <strong><span style=\"color: #ffffff;\">nouveaut\u00e9<\/span><\/strong> cette ann\u00e9e: la toute r\u00e9cente <span style=\"color: #ffffff;\"><strong>Maison des Arts et de la Culture<\/strong><\/span> de Saint-Maur, situ\u00e9e \u00e0 la <strong><span style=\"color: #ffffff;\">Villa M\u00e9dicis<\/span><\/strong>, accueillera l&rsquo;Happy Jazz dans le cadre de ses <span style=\"color: #ffffff;\"><strong>Lundis Musicaux<\/strong><\/span>, une ou deux fois dans la saison.<\/p>\n<p>Pour notre premier concert dans ce lieu, nous aurons le plaisir d&rsquo;\u00e9couter le saxophoniste <span style=\"color: #ffffff;\"><strong>Thomas Gomez<\/strong><\/span>, le guitariste <span style=\"color: #ffffff;\"><strong>Cl\u00e9ment Trimouille<\/strong><\/span> et le contrebassiste <span style=\"color: #ffffff;\"><strong>Cl\u00e9ment Daldosso<\/strong><\/span>, complices de longue date et membres fondateurs du <span style=\"color: #ffffff;\"><strong>ZOOT Collectif<\/strong><\/span>. Ils font partie de la jeune g\u00e9n\u00e9ration de jazzmen qui perp\u00e9tuent, avec un immense talent et un enthousiasme communicatif, le bebop et la tradition du Great American Songbook.<\/p>\n<p>Thomas Gomez: saxophone alto<br \/>Cl\u00e9ment Trimouille : guitare<br \/>Cl\u00e9ment Daldosso: contrebasse<\/p>\n<p>Entr\u00e9e : 10\u20ac, tarif unique<br \/><a href=\"https:\/\/www.espace-citoyens.net\/saintmaurdesfosses\/espace-citoyens\/Demande\/NouvelleDemande\/CULTURE\/LUNDISMUSI\">R\u00e9servation sur le site de de la Mairie, apr\u00e8s cr\u00e9ation d&rsquo;un compte personnel<\/a><a href=\"https:\/\/www.lhappyjazz.com\/wp-content\/uploads\/2022\/08\/logo-saint-maur.jpg\"><img loading=\"lazy\" decoding=\"async\" class=\" wp-image-3342 alignleft\" src=\"https:\/\/www.lhappyjazz.com\/wp-content\/uploads\/2022\/08\/logo-saint-maur-300x155.jpg\" alt=\"\" width=\"78\" height=\"44\" \/><\/a><\/p>\n\n\n<p>\/<\/p>\n\n\n\n<p> <\/p>\n\n\n\n<p><\/p>\n\n\n\n<p><\/p>\n\n\n\n<p><\/p>\n","protected":false},"excerpt":{"rendered":"<p>Lundi 18 septembre 2023 &#8211; 20h00VILLA MEDICIS (Lundis Musicaux) Une nouveaut\u00e9 cette ann\u00e9e: la toute r\u00e9cente Maison des Arts et de la Culture de Saint-Maur, situ\u00e9e \u00e0 la Villa M\u00e9dicis, accueillera l&rsquo;Happy Jazz dans le cadre de ses Lundis Musicaux, &hellip; <a href=\"https:\/\/www.lhappyjazz.com\/?p=3560\">Continuer la lecture <span class=\"meta-nav\">&rarr;<\/span><\/a><\/p>\n","protected":false},"author":2,"featured_media":0,"comment_status":"closed","ping_status":"closed","sticky":false,"template":"","format":"standard","meta":{"footnotes":""},"categories":[1],"tags":[],"class_list":["post-3560","post","type-post","status-publish","format-standard","hentry","category-non-classe"],"jetpack_featured_media_url":"","_links":{"self":[{"href":"https:\/\/www.lhappyjazz.com\/index.php?rest_route=\/wp\/v2\/posts\/3560","targetHints":{"allow":["GET"]}}],"collection":[{"href":"https:\/\/www.lhappyjazz.com\/index.php?rest_route=\/wp\/v2\/posts"}],"about":[{"href":"https:\/\/www.lhappyjazz.com\/index.php?rest_route=\/wp\/v2\/types\/post"}],"author":[{"embeddable":true,"href":"https:\/\/www.lhappyjazz.com\/index.php?rest_route=\/wp\/v2\/users\/2"}],"replies":[{"embeddable":true,"href":"https:\/\/www.lhappyjazz.com\/index.php?rest_route=%2Fwp%2Fv2%2Fcomments&post=3560"}],"version-history":[{"count":10,"href":"https:\/\/www.lhappyjazz.com\/index.php?rest_route=\/wp\/v2\/posts\/3560\/revisions"}],"predecessor-version":[{"id":3624,"href":"https:\/\/www.lhappyjazz.com\/index.php?rest_route=\/wp\/v2\/posts\/3560\/revisions\/3624"}],"wp:attachment":[{"href":"https:\/\/www.lhappyjazz.com\/index.php?rest_route=%2Fwp%2Fv2%2Fmedia&parent=3560"}],"wp:term":[{"taxonomy":"category","embeddable":true,"href":"https:\/\/www.lhappyjazz.com\/index.php?rest_route=%2Fwp%2Fv2%2Fcategories&post=3560"},{"taxonomy":"post_tag","embeddable":true,"href":"https:\/\/www.lhappyjazz.com\/index.php?rest_route=%2Fwp%2Fv2%2Ftags&post=3560"}],"curies":[{"name":"wp","href":"https:\/\/api.w.org\/{rel}","templated":true}]}}