{"id":2835,"date":"2021-09-05T18:00:00","date_gmt":"2021-09-05T17:00:00","guid":{"rendered":"https:\/\/www.lhappyjazz.com\/?p=2835"},"modified":"2021-08-26T14:36:01","modified_gmt":"2021-08-26T13:36:01","slug":"journee-des-associations-2-2-copy-copy-copy-copy-copy-2","status":"publish","type":"post","link":"https:\/\/www.lhappyjazz.com\/?p=2835","title":{"rendered":"Journ\u00e9e des Associations"},"content":{"rendered":"\n<div class=\"wp-block-media-text alignwide is-stacked-on-mobile is-vertically-aligned-top\" style=\"grid-template-columns:46% auto\"><figure class=\"wp-block-media-text__media\"><img loading=\"lazy\" decoding=\"async\" width=\"784\" height=\"1024\" src=\"https:\/\/www.lhappyjazz.com\/wp-content\/uploads\/2021\/08\/ScreenHunter_226-Aug.-26-15.30-784x1024.jpg\" alt=\"\" class=\"wp-image-2837 size-full\" srcset=\"https:\/\/www.lhappyjazz.com\/wp-content\/uploads\/2021\/08\/ScreenHunter_226-Aug.-26-15.30-784x1024.jpg 784w, https:\/\/www.lhappyjazz.com\/wp-content\/uploads\/2021\/08\/ScreenHunter_226-Aug.-26-15.30-230x300.jpg 230w, https:\/\/www.lhappyjazz.com\/wp-content\/uploads\/2021\/08\/ScreenHunter_226-Aug.-26-15.30-768x1003.jpg 768w, https:\/\/www.lhappyjazz.com\/wp-content\/uploads\/2021\/08\/ScreenHunter_226-Aug.-26-15.30-1176x1536.jpg 1176w, https:\/\/www.lhappyjazz.com\/wp-content\/uploads\/2021\/08\/ScreenHunter_226-Aug.-26-15.30.jpg 1233w\" sizes=\"auto, (max-width: 784px) 100vw, 784px\" \/><\/figure><div class=\"wp-block-media-text__content\">\n<p><strong><span style=\"color: #ffffff;\">Dimanche 5 septembre 2021<\/span><\/strong><br><strong><span style=\"color: #ffffff;\">De 11h \u00e0 18h, place des Marronniers \u00e0 Saint-Maur<\/span><\/strong><\/p>\n\n\n\n<p>Venez nous retrouver sur notre stand E13 et rencontrer les membres de l&rsquo;Happy Jazz.<\/p>\n\n\n\n<p><br>Les <a href=\"https:\/\/www.lhappyjazz.com\/?page_id=34\">adh\u00e9sions<\/a> pour la saison 2021-2022 seront ouvertes &#8230;<\/p>\n<\/div><\/div>\n","protected":false},"excerpt":{"rendered":"<p>Dimanche 5 septembre 2021De 11h \u00e0 18h, place des Marronniers \u00e0 Saint-Maur Venez nous retrouver sur notre stand E13 et rencontrer les membres de l&rsquo;Happy Jazz. Les adh\u00e9sions pour la saison 2021-2022 seront ouvertes &#8230;<\/p>\n","protected":false},"author":2,"featured_media":0,"comment_status":"closed","ping_status":"closed","sticky":false,"template":"","format":"standard","meta":{"footnotes":""},"categories":[1],"tags":[],"class_list":["post-2835","post","type-post","status-publish","format-standard","hentry","category-non-classe"],"jetpack_featured_media_url":"","_links":{"self":[{"href":"https:\/\/www.lhappyjazz.com\/index.php?rest_route=\/wp\/v2\/posts\/2835","targetHints":{"allow":["GET"]}}],"collection":[{"href":"https:\/\/www.lhappyjazz.com\/index.php?rest_route=\/wp\/v2\/posts"}],"about":[{"href":"https:\/\/www.lhappyjazz.com\/index.php?rest_route=\/wp\/v2\/types\/post"}],"author":[{"embeddable":true,"href":"https:\/\/www.lhappyjazz.com\/index.php?rest_route=\/wp\/v2\/users\/2"}],"replies":[{"embeddable":true,"href":"https:\/\/www.lhappyjazz.com\/index.php?rest_route=%2Fwp%2Fv2%2Fcomments&post=2835"}],"version-history":[{"count":4,"href":"https:\/\/www.lhappyjazz.com\/index.php?rest_route=\/wp\/v2\/posts\/2835\/revisions"}],"predecessor-version":[{"id":2843,"href":"https:\/\/www.lhappyjazz.com\/index.php?rest_route=\/wp\/v2\/posts\/2835\/revisions\/2843"}],"wp:attachment":[{"href":"https:\/\/www.lhappyjazz.com\/index.php?rest_route=%2Fwp%2Fv2%2Fmedia&parent=2835"}],"wp:term":[{"taxonomy":"category","embeddable":true,"href":"https:\/\/www.lhappyjazz.com\/index.php?rest_route=%2Fwp%2Fv2%2Fcategories&post=2835"},{"taxonomy":"post_tag","embeddable":true,"href":"https:\/\/www.lhappyjazz.com\/index.php?rest_route=%2Fwp%2Fv2%2Ftags&post=2835"}],"curies":[{"name":"wp","href":"https:\/\/api.w.org\/{rel}","templated":true}]}}