{"id":240,"date":"2013-12-20T14:10:26","date_gmt":"2013-12-20T13:10:26","guid":{"rendered":"http:\/\/www.lhappyjazz.com\/?p=240"},"modified":"2014-10-21T19:04:52","modified_gmt":"2014-10-21T18:04:52","slug":"concert-formule-bop-invite-marc-thomas","status":"publish","type":"post","link":"https:\/\/www.lhappyjazz.com\/?p=240","title":{"rendered":"Concert : Formule Bop &#038; Marc Thomas"},"content":{"rendered":"<p><strong><span style=\"color: #ffffff;\">Vendredi 20 d\u00e9cembre &#8211; 21h30<\/span><\/strong><br \/>\n<a title=\"Nos lieux\" href=\"https:\/\/www.lhappyjazz.com\/?page_id=20\">Le Saint-Charles<\/a><\/p>\n<p>Le concert sera pr\u00e9c\u00e9d\u00e9 de l&rsquo;Assembl\u00e9e G\u00e9n\u00e9rale, m\u00eame endroit, \u00e0 partir de 19h<\/p>\n\n<table id=\"tablepress-4\" class=\"tablepress tablepress-id-4\">\n<tbody>\n<tr class=\"row-1\">\n\t<td class=\"column-1\"><em>R\u00e9solument acoustique et fid\u00e8le \u00e0 l'esprit Swing et Be-Bop, le Quartet \"Formule Bop\" du pianiste Gilles Seemann vous plonge dans l'univers du Jazz des ann\u00e9es 40 et 50 qui a laiss\u00e9 dans nos m\u00e9moires l'empreinte d'une esth\u00e9tique sonore encore bien vivante aujourd'hui... Pour cette soir\u00e9e, le chanteur Marc Thomas mettra \u00e0 l'honneur les th\u00e8mes les plus repr\u00e9sentatifs de cette \u00e9poque gr\u00e2ce \u00e0 son timbre chaleureux et ses talents d'improvisateur... Avec : Gilles Seemann (p), Fabien Mary (tpt), Marc Thomas (vcl), Nicola Sabato (cb), Sylvain Designe (dms).<\/em><br \/>\n<\/td><td class=\"column-2\"><a href=\"http:\/\/www.lhappyjazz.com\/wp-content\/uploads\/2013\/10\/Marc-Thomas.jpg\"><img loading=\"lazy\" decoding=\"async\" src=\"http:\/\/www.lhappyjazz.com\/wp-content\/uploads\/2013\/10\/Marc-Thomas-300x200.jpg\" alt=\"\" width=\"300\" height=\"200\" class=\"alignnone size-medium wp-image-248\" srcset=\"https:\/\/www.lhappyjazz.com\/wp-content\/uploads\/2013\/10\/Marc-Thomas-300x200.jpg 300w, https:\/\/www.lhappyjazz.com\/wp-content\/uploads\/2013\/10\/Marc-Thomas-1024x682.jpg 1024w, https:\/\/www.lhappyjazz.com\/wp-content\/uploads\/2013\/10\/Marc-Thomas-450x300.jpg 450w\" sizes=\"auto, (max-width: 300px) 100vw, 300px\" \/><\/a><\/td>\n<\/tr>\n<\/tbody>\n<\/table>\n<!-- #tablepress-4 from cache -->\n<p>Entr\u00e9e : 20\u20ac, 10\u20ac (<a title=\"Adh\u00e9sion\" href=\"https:\/\/www.lhappyjazz.com\/?page_id=34\" target=\"_blank\">adh\u00e9rent<\/a>)<\/p>\n","protected":false},"excerpt":{"rendered":"<p>Vendredi 20 d\u00e9cembre &#8211; 21h30 Le Saint-Charles Le concert sera pr\u00e9c\u00e9d\u00e9 de l&rsquo;Assembl\u00e9e G\u00e9n\u00e9rale, m\u00eame endroit, \u00e0 partir de 19h Entr\u00e9e : 20\u20ac, 10\u20ac (adh\u00e9rent)<\/p>\n","protected":false},"author":2,"featured_media":0,"comment_status":"closed","ping_status":"open","sticky":false,"template":"","format":"standard","meta":{"footnotes":""},"categories":[1],"tags":[],"class_list":["post-240","post","type-post","status-publish","format-standard","hentry","category-non-classe"],"jetpack_featured_media_url":"","_links":{"self":[{"href":"https:\/\/www.lhappyjazz.com\/index.php?rest_route=\/wp\/v2\/posts\/240","targetHints":{"allow":["GET"]}}],"collection":[{"href":"https:\/\/www.lhappyjazz.com\/index.php?rest_route=\/wp\/v2\/posts"}],"about":[{"href":"https:\/\/www.lhappyjazz.com\/index.php?rest_route=\/wp\/v2\/types\/post"}],"author":[{"embeddable":true,"href":"https:\/\/www.lhappyjazz.com\/index.php?rest_route=\/wp\/v2\/users\/2"}],"replies":[{"embeddable":true,"href":"https:\/\/www.lhappyjazz.com\/index.php?rest_route=%2Fwp%2Fv2%2Fcomments&post=240"}],"version-history":[{"count":15,"href":"https:\/\/www.lhappyjazz.com\/index.php?rest_route=\/wp\/v2\/posts\/240\/revisions"}],"predecessor-version":[{"id":540,"href":"https:\/\/www.lhappyjazz.com\/index.php?rest_route=\/wp\/v2\/posts\/240\/revisions\/540"}],"wp:attachment":[{"href":"https:\/\/www.lhappyjazz.com\/index.php?rest_route=%2Fwp%2Fv2%2Fmedia&parent=240"}],"wp:term":[{"taxonomy":"category","embeddable":true,"href":"https:\/\/www.lhappyjazz.com\/index.php?rest_route=%2Fwp%2Fv2%2Fcategories&post=240"},{"taxonomy":"post_tag","embeddable":true,"href":"https:\/\/www.lhappyjazz.com\/index.php?rest_route=%2Fwp%2Fv2%2Ftags&post=240"}],"curies":[{"name":"wp","href":"https:\/\/api.w.org\/{rel}","templated":true}]}}