{"id":1438,"date":"2018-11-16T23:59:08","date_gmt":"2018-11-16T22:59:08","guid":{"rendered":"http:\/\/www.lhappyjazz.com\/?p=1438"},"modified":"2018-12-09T17:05:01","modified_gmt":"2018-12-09T16:05:01","slug":"concert-formule-bop-invite-marc-thomas-2-2-3-2-2-2-3-2-2-2-3-2-2-2-copy-copy-3-copy-copy-copy-copy-copy-copy-2-copy-copy-2-copy-copy-copy","status":"publish","type":"post","link":"https:\/\/www.lhappyjazz.com\/?p=1438","title":{"rendered":"Concert : Cecil L. Recchia \u00ab\u00a0The Gumbo\u00a0\u00bb"},"content":{"rendered":"<p><strong><span style=\"color: #ffffff;\">Vendredi 16 novembe 2018 &#8211; 20h45<\/span><\/strong><br \/>\n<a title=\"Nos lieux\" href=\"https:\/\/www.lhappyjazz.com\/?page_id=20\">A TOUT VA BIEN<\/a><\/p>\n<p><a href=\"https:\/\/www.lhappyjazz.com\/wp-content\/uploads\/2018\/11\/COVER-CECIL-RECCHIA-THE-GUMBO-HD-.jpg\"><img loading=\"lazy\" decoding=\"async\" class=\"alignleft size-medium wp-image-1480\" src=\"https:\/\/www.lhappyjazz.com\/wp-content\/uploads\/2018\/11\/COVER-CECIL-RECCHIA-THE-GUMBO-HD--300x270.jpg\" alt=\"\" width=\"300\" height=\"270\" srcset=\"https:\/\/www.lhappyjazz.com\/wp-content\/uploads\/2018\/11\/COVER-CECIL-RECCHIA-THE-GUMBO-HD--300x270.jpg 300w, https:\/\/www.lhappyjazz.com\/wp-content\/uploads\/2018\/11\/COVER-CECIL-RECCHIA-THE-GUMBO-HD--768x690.jpg 768w, https:\/\/www.lhappyjazz.com\/wp-content\/uploads\/2018\/11\/COVER-CECIL-RECCHIA-THE-GUMBO-HD--1024x920.jpg 1024w, https:\/\/www.lhappyjazz.com\/wp-content\/uploads\/2018\/11\/COVER-CECIL-RECCHIA-THE-GUMBO-HD--334x300.jpg 334w, https:\/\/www.lhappyjazz.com\/wp-content\/uploads\/2018\/11\/COVER-CECIL-RECCHIA-THE-GUMBO-HD-.jpg 1642w\" sizes=\"auto, (max-width: 300px) 100vw, 300px\" \/><\/a>Apr\u00e8s un premier album r\u00e9ussi, Song of the Trees, hommage vocal au pianiste Ahmad Jamal, <a href=\"https:\/\/cecilrecchia.com\"><span style=\"color: #ffffff;\"><strong>Cecil L. Recchia<\/strong><\/span><\/a> &#8211; valeur s\u00fbre de la sc\u00e8ne jazz &#8211; d\u00e9die son nouvel opus <strong>T<span style=\"color: #ffffff;\">he Gumbo<\/span><\/strong> \u00e0 la <span style=\"color: #ffffff;\"><strong>Nouvelle-Orl\u00e9ans<\/strong><\/span>, qui f\u00eate son tricentenaire en 2018.<\/p>\n<p>\u00ab On savait d\u00e9j\u00e0, depuis son dernier disque, que la chanteuse choisissait ses sujets avec intelligence et originalit\u00e9. On est sous le charme\u2026 \u00bb<br \/>\nJ.Partage &#8211; Jazz Hot.<\/p>\n<p>\u00c0 d\u00e9couvrir !<\/p>\n<p>Quelques liens :<br \/>\n<a href=\"http:\/\/cecilrecchia.com\">cecilrecchia.com<\/a><br \/>\n<a href=\"http:\/\/www.facebook.com\/cecil.l.recchia\">www.facebook.com\/cecil.l.recchia<\/a><\/p>\n<p>&nbsp;<\/p>\n<p>Cecil L. Recchia : chant<br \/>\nMalo Mazuri\u00e9  : trompette<br \/>\nGuillaume Naud : piano<br \/>\nRapha\u00ebl Dever : contrebasse<br \/>\nDavid Grebil : batterie<\/p>\n<p>Entr\u00e9e : 20\u20ac, 15\u20ac (<a title=\"Adh\u00e9sion\" href=\"https:\/\/www.lhappyjazz.com\/?page_id=34\" target=\"_blank\" rel=\"noopener\">adh\u00e9rent<\/a>)<\/p>\n","protected":false},"excerpt":{"rendered":"<p>Vendredi 16 novembe 2018 &#8211; 20h45 A TOUT VA BIEN Apr\u00e8s un premier album r\u00e9ussi, Song of the Trees, hommage vocal au pianiste Ahmad Jamal, Cecil L. Recchia &#8211; valeur s\u00fbre de la sc\u00e8ne jazz &#8211; d\u00e9die son nouvel opus &hellip; <a href=\"https:\/\/www.lhappyjazz.com\/?p=1438\">Continuer la lecture <span class=\"meta-nav\">&rarr;<\/span><\/a><\/p>\n","protected":false},"author":2,"featured_media":0,"comment_status":"closed","ping_status":"closed","sticky":false,"template":"","format":"image","meta":{"footnotes":""},"categories":[1],"tags":[],"class_list":["post-1438","post","type-post","status-publish","format-image","hentry","category-non-classe","post_format-post-format-image"],"jetpack_featured_media_url":"","_links":{"self":[{"href":"https:\/\/www.lhappyjazz.com\/index.php?rest_route=\/wp\/v2\/posts\/1438","targetHints":{"allow":["GET"]}}],"collection":[{"href":"https:\/\/www.lhappyjazz.com\/index.php?rest_route=\/wp\/v2\/posts"}],"about":[{"href":"https:\/\/www.lhappyjazz.com\/index.php?rest_route=\/wp\/v2\/types\/post"}],"author":[{"embeddable":true,"href":"https:\/\/www.lhappyjazz.com\/index.php?rest_route=\/wp\/v2\/users\/2"}],"replies":[{"embeddable":true,"href":"https:\/\/www.lhappyjazz.com\/index.php?rest_route=%2Fwp%2Fv2%2Fcomments&post=1438"}],"version-history":[{"count":13,"href":"https:\/\/www.lhappyjazz.com\/index.php?rest_route=\/wp\/v2\/posts\/1438\/revisions"}],"predecessor-version":[{"id":1600,"href":"https:\/\/www.lhappyjazz.com\/index.php?rest_route=\/wp\/v2\/posts\/1438\/revisions\/1600"}],"wp:attachment":[{"href":"https:\/\/www.lhappyjazz.com\/index.php?rest_route=%2Fwp%2Fv2%2Fmedia&parent=1438"}],"wp:term":[{"taxonomy":"category","embeddable":true,"href":"https:\/\/www.lhappyjazz.com\/index.php?rest_route=%2Fwp%2Fv2%2Fcategories&post=1438"},{"taxonomy":"post_tag","embeddable":true,"href":"https:\/\/www.lhappyjazz.com\/index.php?rest_route=%2Fwp%2Fv2%2Ftags&post=1438"}],"curies":[{"name":"wp","href":"https:\/\/api.w.org\/{rel}","templated":true}]}}