{"id":1177,"date":"2017-10-01T23:59:19","date_gmt":"2017-10-01T22:59:19","guid":{"rendered":"http:\/\/www.lhappyjazz.com\/?p=1177"},"modified":"2017-09-17T21:03:51","modified_gmt":"2017-09-17T20:03:51","slug":"le-off-de-jazz-en-boucle-2-2-2-copy-copy","status":"publish","type":"post","link":"https:\/\/www.lhappyjazz.com\/?p=1177","title":{"rendered":"Jazz en Boucle"},"content":{"rendered":"<p><strong><span style=\"color: #ffffff;\">Du dimanche 24 septembre\u00a0au dimanche\u00a01er octobre 2017<\/span><\/strong><\/p>\n<p><a href=\"http:\/\/www.jazzenboucle.com\/\"><img loading=\"lazy\" decoding=\"async\" class=\"aligncenter wp-image-1224 size-medium\" src=\"https:\/\/www.lhappyjazz.com\/wp-content\/uploads\/2017\/09\/JEB-213x300.jpg\" alt=\"\" width=\"213\" height=\"300\" srcset=\"https:\/\/www.lhappyjazz.com\/wp-content\/uploads\/2017\/09\/JEB-213x300.jpg 213w, https:\/\/www.lhappyjazz.com\/wp-content\/uploads\/2017\/09\/JEB-768x1083.jpg 768w, https:\/\/www.lhappyjazz.com\/wp-content\/uploads\/2017\/09\/JEB-726x1024.jpg 726w, https:\/\/www.lhappyjazz.com\/wp-content\/uploads\/2017\/09\/JEB.jpg 968w\" sizes=\"auto, (max-width: 213px) 100vw, 213px\" \/><\/a><\/p>\n<p><strong><span style=\"color: #ffffff; font-size: 20px;\">Dimanche 24 septembre &#8211; Hommage \u00e0 Francis Lemarque<\/span><\/strong><br \/>\nMichel Korb Sextet<br \/>\n16h &#8211; Th\u00e9\u00e2tre Roger Lafaille de Chennevi\u00e8res<\/p>\n<p><strong><span style=\"color: #ffffff; font-size: 20px;\">Jeudi 28 septembre &#8211; Manu Di Bango \u00ab\u00a0Africadelic\u00a0\u00bb<\/span><\/strong><br \/>\n20h30 &#8211; Th\u00e9\u00e2tre de Saint-Maur<\/p>\n<p><strong><span style=\"color: #ffffff; font-size: 20px;\">Vendredi 29 septembre &#8211; Master Class<\/span><\/strong><br \/>\nMasterclass avec St\u00e9phane Tsapis Trio<br \/>\n16h00 &#8211; Conservatoire de Saint-Maur<\/p>\n<p><strong><span style=\"color: #ffffff; font-size: 20px;\">Vendredi 29 septembre &#8211; China Moses<\/span><\/strong><br \/>\n1\u00e8re partie concert : Trio St\u00e9phane Tsapis invite Georges Beckerich<br \/>\n20h30 &#8211; Auditorium du conservatoire de Saint-Maur<\/p>\n<p><strong><span style=\"color: #ffffff; font-size: 20px;\"><br \/>\nSamedi 30 septembre &#8211; Jazz en Ville<\/span><\/strong><br \/>\nVenez \u00e9couter du jazz dans diff\u00e9rents restaurants et lieux culturels de Saint-Maur<\/p>\n<p><strong><span style=\"color: #ffffff;\">11h00 &#8211; Villa M\u00e9dicis : Formule Bop<\/span><\/strong><br \/>\nFabien Mary: trompette, Gilles Seemann: piano, Nicola Sabato: contrebasse, Sylvain Designe: batterie<\/p>\n<p><strong><span style=\"color: #ffffff;\">11h00 &#8211; M\u00e9diath\u00e8que : Conf\u00e9rence sur Miles Davis<\/span><\/strong><br \/>\nDaniel Brothier: conf\u00e9rencier<\/p>\n<p><strong><span style=\"color: #ffffff;\">15h00 &#8211; M\u00e9diath\u00e8que : Fr\u00e9d\u00e9ric Loiseau Trio &#8211; Une certaine histoire du jazz<\/span><\/strong><br \/>\nGilles Relisieux: trompette, Fr\u00e9d\u00e9ric Loiseau: guitare, Gary Brunton: contrebasse<\/p>\n<p><strong><span style=\"color: #ffffff;\">14h00 \u00e0 17h00 &#8211; D\u00e9fil\u00e9 sur la Marne en bateaux avec \u00e9quipages costum\u00e9s \u00e0 l&rsquo;occasion des 90 ans du Schelcher Aviron Club<\/span><\/strong><br \/>\nAnnie Terramorsi: clarinette, sax, Jean-Pierre Dumontier: trombone, Patrick Viguier: sax baryton, Jean-Fran\u00e7ois Terramorsi: guitare, banjo, Philippe Lacombe: washboard<\/p>\n<p><strong><span style=\"color: #ffffff;\">17h00 &#8211; Th\u00e9\u00e2tre de l&rsquo;Abbaye : Philippe Brassoud Trio<\/span><\/strong><br \/>\nLudovic de Preissac: piano, Gilles R\u00e9a: guitare, Philippe Brassoud: contrebasse<\/p>\n<p><strong><span style=\"color: #ffffff;\">20h30 &#8211; Le Foch : Nathalie Marco Quartet<\/span><\/strong><br \/>\nNathalie Marco: chant, Patrick Cabon: piano, Nicola Sabato: contrebasse, David Grebil: batterie<\/p>\n<p><strong><span style=\"color: #ffffff;\">20h30 &#8211; Suzette et Sarrasin\u00a0:\u00a0Maureen Esivert Quartet<\/span><\/strong><br \/>\nMaureen Esivert: chant, Mathieu Meyer: piano, Leila Renault: contrebasse, Emmanuel Pollet: batterie<\/p>\n<p><strong><span style=\"color: #ffffff;\">20h30 &#8211; Caf\u00e9 de Paris :\u00a0Jean-Philippe Bordier Quartet<\/span><\/strong><br \/>\nJean-Philippe Bordier: guitare, Pascal Bivalski: vibraphone, Guillaume Naud: orgue, Andreas Neubauer: batterie<\/p>\n<p><strong><span style=\"color: #ffffff;\">20h30 &#8211; A Tout Va Bien : S\u00e9bastien Lovato Trio<\/span><\/strong><br \/>\nS\u00e9bastien Lovato: piano, Yves Torchinsky: contrebasse, Luc Isenmann: batterie<\/p>\n<p><strong><span style=\"color: #ffffff;\">20h30 &#8211; Choses Promises : Jazz O&rsquo;Val<\/span><\/strong><br \/>\nMischa: chant, Michel Terrioux: vibraphone, Laurent Guanzini: piano, Olivier Rivaux: contrebasse, Alain Ruiz: batterie<\/p>\n<p><strong><span style=\"color: #ffffff;\">20h30 &#8211; CS Marne : Angy and G<\/span><\/strong><br \/>\nNathalie Angy: chant, Samir Vigne: sax t\u00e9nor, G\u00e9rard Loyer: piano, Marc Irace: contrebasse, Helmut Bundschuh: batterie<\/p>\n<p><strong><span style=\"color: #ffffff; font-size: 20px;\"><br \/>\nDimanche 1er octobre &#8211; Jazz en Ville<\/span><\/strong><\/p>\n<p><strong><span style=\"color: #ffffff;\">11h30 &#8211; Villa M\u00e9dicis : Shades<\/span><\/strong><br \/>\nElora Antoli, Marion Chr\u00e9tien, Camille Durand, Pablo Campos: chant, Antoine Laudiere: guitare, Etienne Quezel: clarinette<\/p>\n<p><strong><span style=\"color: #ffffff; font-size: 20px;\"><br \/>\nDimanche 1er octobre &#8211; Cl\u00f4ture<\/span><\/strong><\/p>\n<p><strong><span style=\"color: #ffffff;\">18h00 &#8211; Auditorium du conservatoire : RHODA SCOTT &amp; FRIENDS <\/span><\/strong><\/p>\n<p>Vous souhaitez conna\u00eetre les modalit\u00e9s de r\u00e9servation des places, appelez le<br \/>\n<strong><span style=\"color: #ff8f00;\">06 83 92 63 74<\/span><\/strong><\/p>\n","protected":false},"excerpt":{"rendered":"<p>Du dimanche 24 septembre\u00a0au dimanche\u00a01er octobre 2017 Dimanche 24 septembre &#8211; Hommage \u00e0 Francis Lemarque Michel Korb Sextet 16h &#8211; Th\u00e9\u00e2tre Roger Lafaille de Chennevi\u00e8res Jeudi 28 septembre &#8211; Manu Di Bango \u00ab\u00a0Africadelic\u00a0\u00bb 20h30 &#8211; Th\u00e9\u00e2tre de Saint-Maur Vendredi 29 &hellip; <a href=\"https:\/\/www.lhappyjazz.com\/?p=1177\">Continuer la lecture <span class=\"meta-nav\">&rarr;<\/span><\/a><\/p>\n","protected":false},"author":2,"featured_media":0,"comment_status":"closed","ping_status":"closed","sticky":false,"template":"","format":"standard","meta":{"footnotes":""},"categories":[1],"tags":[],"class_list":["post-1177","post","type-post","status-publish","format-standard","hentry","category-non-classe"],"jetpack_featured_media_url":"","_links":{"self":[{"href":"https:\/\/www.lhappyjazz.com\/index.php?rest_route=\/wp\/v2\/posts\/1177","targetHints":{"allow":["GET"]}}],"collection":[{"href":"https:\/\/www.lhappyjazz.com\/index.php?rest_route=\/wp\/v2\/posts"}],"about":[{"href":"https:\/\/www.lhappyjazz.com\/index.php?rest_route=\/wp\/v2\/types\/post"}],"author":[{"embeddable":true,"href":"https:\/\/www.lhappyjazz.com\/index.php?rest_route=\/wp\/v2\/users\/2"}],"replies":[{"embeddable":true,"href":"https:\/\/www.lhappyjazz.com\/index.php?rest_route=%2Fwp%2Fv2%2Fcomments&post=1177"}],"version-history":[{"count":18,"href":"https:\/\/www.lhappyjazz.com\/index.php?rest_route=\/wp\/v2\/posts\/1177\/revisions"}],"predecessor-version":[{"id":1226,"href":"https:\/\/www.lhappyjazz.com\/index.php?rest_route=\/wp\/v2\/posts\/1177\/revisions\/1226"}],"wp:attachment":[{"href":"https:\/\/www.lhappyjazz.com\/index.php?rest_route=%2Fwp%2Fv2%2Fmedia&parent=1177"}],"wp:term":[{"taxonomy":"category","embeddable":true,"href":"https:\/\/www.lhappyjazz.com\/index.php?rest_route=%2Fwp%2Fv2%2Fcategories&post=1177"},{"taxonomy":"post_tag","embeddable":true,"href":"https:\/\/www.lhappyjazz.com\/index.php?rest_route=%2Fwp%2Fv2%2Ftags&post=1177"}],"curies":[{"name":"wp","href":"https:\/\/api.w.org\/{rel}","templated":true}]}}